{"id":3922,"date":"2026-01-26T00:36:00","date_gmt":"2026-01-26T05:36:00","guid":{"rendered":"https:\/\/quaker.org\/2026\/01\/26\/dios-escogio-lo-vil-y-despreciado-del-mundo\/"},"modified":"2026-01-26T16:29:39","modified_gmt":"2026-01-26T21:29:39","slug":"dios-escogio-lo-vil-y-despreciado-del-mundo","status":"publish","type":"post","link":"https:\/\/quaker.org\/es\/2026\/01\/26\/dios-escogio-lo-vil-y-despreciado-del-mundo\/","title":{"rendered":"Dios escogi\u00f3 lo vil y despreciado del mundo"},"content":{"rendered":"\n<blockquote class=\"wp-block-quote is-layout-flow wp-block-quote-is-layout-flow\">\n<p><em>Consideren su propio llamamiento, hermanos y hermanas: no muchos de ustedes eran sabios seg\u00fan los criterios humanos, no muchos eran poderosos, no muchos eran de noble cuna. Sino que Dios escogi\u00f3 lo necio del mundo para avergonzar a los sabios; Dios escogi\u00f3 lo d\u00e9bil del mundo para avergonzar a lo fuerte; <\/em> <strong><em> Dios escogi\u00f3 lo vil y despreciado del mundo<\/em><\/strong><em>, las cosas que no son, para abolir las cosas que son,<\/em><strong><em> <\/em><\/strong><em>para que nadie pueda jactarse en la presencia de Dios.<\/em><br\/>(1 Corintios 1:26-29, Nueva Versi\u00f3n Est\u00e1ndar Revisada, Edici\u00f3n Actualizada)<\/p>\n<\/blockquote>\n\n<h3 class=\"wp-block-heading\">A Los Amigos les encanta hablar de \u201calgo de Dios en todos\u201d.<\/h3>\n\n<p>La expresi\u00f3n se remonta a George Fox. En una carta de 1656 a \u201cLos Amigos en el Ministerio\u201d, Fox exhort\u00f3 a sus compa\u00f1eros Los Amigos a \u201cser un terror para todos los adversarios de Dios, y un temor, <strong>respondiendo a algo de Dios en todos ellos<\/strong>, difundiendo la Verdad en el extranjero, despertando el testimonio, confundiendo el enga\u00f1o, recogiendo de la transgresi\u00f3n a la vida, el pacto de luz y paz con Dios\u201d. <\/p>\n\n<p>A lo largo de los siglos, Los Amigos han le\u00eddo esa frase de muchas maneras diferentes. Robert Barclay, por ejemplo, dijo en su <a href=\"http:\/\/www.qhpress.org\/texts\/barclay\/apology\/index.html\"><em>Apolog\u00eda de la verdadera divinidad cristiana<\/em><\/a> que Dios concede a todos la oportunidad de abrazar la salvaci\u00f3n. \u201cPara este fin\u201d, escribi\u00f3 Barclay, \u201cDios ha comunicado y dado a cada hombre una medida de la Luz de su propio Hijo, una medida de gracia, o una medida del Esp\u00edritu (Santo), que la Escritura expresa con varios nombres\u201d.  <\/p>\n\n<p>Entre otros vers\u00edculos, se\u00f1ala al lector la explicaci\u00f3n de Jes\u00fas de la par\u00e1bola del sembrador, concretamente Mateo 13:19: \u201cCuando alguien oye la palabra del reino y no la entiende, viene el maligno y arrebata lo que se sembr\u00f3 en el coraz\u00f3n\u201d. Otro de Los Amigos primitivos, Isaac Penington, hab\u00eda escrito m\u00e1s de una d\u00e9cada antes sobre \u201c<a href=\"http:\/\/www.qhpress.org\/texts\/penington\/panting.html\">la semilla que Dios siembra en el coraz\u00f3n<\/a>\u201d. Anim\u00f3 a Los Amigos a \u201cdejar que esa [semilla] crezca en ti, y est\u00e9 en ti, y respire en ti, y act\u00fae en ti\u201d. Si lo hac\u00edan, prometi\u00f3: \u201cencontrar\u00e1s por dulce experiencia que el Se\u00f1or conoce eso, y ama y posee eso, y lo conducir\u00e1 a la herencia de la vida\u201d.   <\/p>\n\n<p>Para aquellos con una fe centrada en Cristo, todo esto suena genial. Pero quiero hablar de otro aspecto igualmente importante de \u201calgo de Dios en todos\u201d. <\/p>\n\n<h3 class=\"wp-block-heading\">Para m\u00ed, \u201calgo de Dios en todos\u201d sugiere una igualdad radical entre todas las personas.<\/h3>\n\n<p>Primero, Dios pretende que <em>todos<\/em> participen en \u201cel pacto de luz y paz con Dios\u201d y, en la medida de sus posibilidades, Los Amigos tienen la obligaci\u00f3n de ayudar a <em>todos<\/em> a hacerlo. La gente podr\u00eda enterarse de la promesa de la comunidad bendecida y rechazar las buenas nuevas; la gente hace todo tipo de tonter\u00edas. Pero Los Amigos no tienen derecho a nombrarse a s\u00ed mismos guardianes, a tratar la comunidad bendecida como un club especial del que pueden excluir preventivamente a aquellos que consideran \u201cinadecuados\u201d. Si alguien demuestra voluntad de seguir el faro de la Luz Interior, debemos hacer lo que podamos, como individuos y como reuniones, para ayudarles en ese camino.   <\/p>\n\n<p>Eso no significa que las reuniones tengan que aceptar autom\u00e1ticamente a todo el que quiera hacerse miembro. Pero s\u00ed significa que Los Amigos deben trabajar con todo buscador que acuda a ellos, y mostrar un inter\u00e9s sincero en su formaci\u00f3n espiritual, dondequiera que les lleve ese proceso. <\/p>\n\n<p>En segundo lugar, \u201cDios no muestra parcialidad\u201d, como Pedro les dijo a los gentiles (Hechos 10:34-35), \u201csino que en todo pueblo le es aceptable el que le teme y practica la justicia\u201d. Los cu\u00e1queros conoc\u00edan bien este vers\u00edculo, pero en una traducci\u00f3n diferente: \u201cDios no hace acepci\u00f3n de personas\u201d. Personalmente, prefiero esa versi\u00f3n. Creo que habla de algo mucho m\u00e1s importante que una falta de parcialidad. Nos recuerda que el pacto de la comunidad bendecida anula y deja sin efecto toda jerarqu\u00eda social en torno a la cual los humanos se organizan, todo sistema que coloca a algunas personas por encima de otras.    <\/p>\n\n<figure class=\"wp-block-image aligncenter size-full is-resized\"><img loading=\"lazy\" decoding=\"async\" width=\"934\" height=\"503\" src=\"https:\/\/quaker.org\/wp-content\/uploads\/sites\/3\/2026\/01\/Protest_march_against_ICE_in_Minneapolis_-_55035016407.jpg\" alt=\"Dos manifestantes marchan por una calle de Minneapolis portando una s&#xE1;bana blanca sobre la que est&#xE1; escrito WE BEAR WITNESS (DAMOS TESTIMONIO). Junto a ellos, otro manifestante lleva un cartel casero con forma de escudo con la leyenda DEFEND LOVE (DEFENDED EL AMOR). \" class=\"wp-image-3918\" style=\"width:600px\" srcset=\"https:\/\/quaker.org\/wp-content\/uploads\/sites\/3\/2026\/01\/Protest_march_against_ICE_in_Minneapolis_-_55035016407.jpg 934w, https:\/\/quaker.org\/wp-content\/uploads\/sites\/3\/2026\/01\/Protest_march_against_ICE_in_Minneapolis_-_55035016407-300x162.jpg 300w, https:\/\/quaker.org\/wp-content\/uploads\/sites\/3\/2026\/01\/Protest_march_against_ICE_in_Minneapolis_-_55035016407-768x414.jpg 768w\" sizes=\"auto, (max-width: 934px) 100vw, 934px\" \/><figcaption class=\"wp-element-caption\">Foto: Fibonacci Blue\/Creative Commons 4.0<\/figcaption><\/figure>\n\n<h3 class=\"wp-block-heading\">La comunidad bendecida acoge a los despreciados por los gobernantes de este mundo.<\/h3>\n\n<p>No deber\u00edan tener ning\u00fan problema en reconocer a los \u201cviles y despreciados\u201d en la sociedad actual. En Estados Unidos, el r\u00e9gimen gobernante actual no oculta su desprecio por los pobres, por los inmigrantes, por las personas de color, por las personas queer en general y por las personas transg\u00e9nero en particular. (Digo esto como ciudadano estadounidense, pero a\u00f1adir\u00e9: Otras naciones \u2014como, por ejemplo, Inglaterra\u2014 no deber\u00edan apresurarse a felicitarse por ninguno de estos frentes).  <\/p>\n\n<p>Sin embargo, toda persona rechazada por las \u00e9lites tiene algo de Dios en ella. Todo marginado tiene un hogar en la comunidad bendecida. Todo \u201cperdedor\u201d tiene el potencial de contribuir al \u00e9xito de la comunidad bendecida. Y estas verdades <em>s\u00ed<\/em> aterrorizan a todos los adversarios de Dios.    <\/p>\n\n<p>\u201cVivimos en un mundo&#8230; que est\u00e1 gobernado por la fuerza, que est\u00e1 gobernado por la fuerza, que est\u00e1 gobernado por el poder\u201d, afirm\u00f3 el jefe adjunto de personal de la Casa Blanca, Stephen Miller, en una entrevista reciente. \u201cEstas son las leyes de hierro del mundo que han existido desde el principio de los tiempos\u201d. A gente como Miller le gusta repetir tales historias para tranquilizarse, porque, como Herodes en la \u00e9poca del nacimiento de Jes\u00fas, viven con miedo del mundo venidero, el mundo donde todo su poder no vale nada. Y, como Herodes, inundar\u00e1n las calles de sus propias ciudades con esbirros armados, orden\u00e1ndoles atacar a cualquiera que desaf\u00ede su autoridad, incluso por el simple hecho de existir.   <\/p>\n\n<p>Pero, como dijo Pablo, \u201cla necedad de Dios es m\u00e1s sabia que la sabidur\u00eda humana, y la debilidad de Dios es m\u00e1s fuerte que la fuerza humana\u201d. (1 Corintios 1:25) Como Los Amigos, nos dedicamos a difundir esa Verdad, despertando testigos cuando y donde podamos, y sentando las bases para la ca\u00edda de todos los imperios malvados.<\/p>\n\n<div class=\"wp-block-buttons is-content-justification-center is-layout-flex wp-container-core-buttons-is-layout-16018d1d wp-block-buttons-is-layout-flex\">\n<div class=\"wp-block-button\"><a class=\"wp-block-button__link has-friends-dark-blue-color has-text-color has-background has-link-color wp-element-button\" href=\"https:\/\/quaker.org\/es\/3219-2\/\" style=\"background:linear-gradient(135deg,rgb(255,245,156) 0%,rgb(255,245,156) 100%)\"><strong>IR A LA P\u00c1GINA DE INICIO DE LOOK TO THE LIGHT<\/strong><\/a><\/div>\n<\/div>\n\n<p><\/p>\n","protected":false},"excerpt":{"rendered":"<p>El pacto de la comunidad bendecida anula toda jerarqu\u00eda social que coloque a algunas personas por encima de otras.<\/p>\n","protected":false},"author":5131,"featured_media":2373,"comment_status":"open","ping_status":"open","sticky":false,"template":"","format":"standard","meta":{"_acf_changed":false,"footnotes":""},"categories":[170],"tags":[182,187,204,203],"class_list":["post-3922","post","type-post","status-publish","format-standard","has-post-thumbnail","hentry","category-sin-categoria","tag-cuaqueros","tag-george-fox","tag-isaac-penington","tag-robert-barclay"],"yoast_head":"<!-- This site is optimized with the Yoast SEO plugin v27.4 - https:\/\/yoast.com\/product\/yoast-seo-wordpress\/ -->\n<title>Dios escogi\u00f3 lo vil y despreciado del mundo - Quaker.org<\/title>\n<meta name=\"description\" content=\"Toda persona rechazada por las \u00e9lites tiene algo de Dios en ella. Todo marginado tiene un hogar en la comunidad bendecida.\" \/>\n<meta name=\"robots\" content=\"index, follow, max-snippet:-1, max-image-preview:large, max-video-preview:-1\" \/>\n<link rel=\"canonical\" href=\"https:\/\/quaker.org\/es\/2026\/01\/26\/dios-escogio-lo-vil-y-despreciado-del-mundo\/\" \/>\n<meta property=\"og:locale\" content=\"es_ES\" \/>\n<meta property=\"og:type\" content=\"article\" \/>\n<meta property=\"og:title\" content=\"Dios escogi\u00f3 lo vil y despreciado del mundo - Quaker.org\" \/>\n<meta property=\"og:description\" content=\"Toda persona rechazada por las \u00e9lites tiene algo de Dios en ella. Todo marginado tiene un hogar en la comunidad bendecida.\" \/>\n<meta property=\"og:url\" content=\"https:\/\/quaker.org\/es\/2026\/01\/26\/dios-escogio-lo-vil-y-despreciado-del-mundo\/\" \/>\n<meta property=\"og:site_name\" content=\"Quaker.org\" \/>\n<meta property=\"article:published_time\" content=\"2026-01-26T05:36:00+00:00\" \/>\n<meta property=\"article:modified_time\" content=\"2026-01-26T21:29:39+00:00\" \/>\n<meta property=\"og:image\" content=\"https:\/\/quaker.org\/wp-content\/uploads\/sites\/3\/2024\/07\/QOrgLookToTheLight_1b.jpg\" \/>\n\t<meta property=\"og:image:width\" content=\"1400\" \/>\n\t<meta property=\"og:image:height\" content=\"271\" \/>\n\t<meta property=\"og:image:type\" content=\"image\/jpeg\" \/>\n<meta name=\"author\" content=\"Ron Hogan\" \/>\n<meta name=\"twitter:card\" content=\"summary_large_image\" \/>\n<meta name=\"twitter:label1\" content=\"Written by\" \/>\n\t<meta name=\"twitter:data1\" content=\"Ron Hogan\" \/>\n\t<meta name=\"twitter:label2\" content=\"Est. reading time\" \/>\n\t<meta name=\"twitter:data2\" content=\"5 minutes\" \/>\n<script type=\"application\/ld+json\" class=\"yoast-schema-graph\">{\"@context\":\"https:\\\/\\\/schema.org\",\"@graph\":[{\"@type\":\"Article\",\"@id\":\"https:\\\/\\\/quaker.org\\\/es\\\/2026\\\/01\\\/26\\\/dios-escogio-lo-vil-y-despreciado-del-mundo\\\/#article\",\"isPartOf\":{\"@id\":\"https:\\\/\\\/quaker.org\\\/es\\\/2026\\\/01\\\/26\\\/dios-escogio-lo-vil-y-despreciado-del-mundo\\\/\"},\"author\":{\"name\":\"Ron Hogan\",\"@id\":\"https:\\\/\\\/quaker.org\\\/es\\\/#\\\/schema\\\/person\\\/a638c7e815ce3beb827484ff7805b27c\"},\"headline\":\"Dios escogi\u00f3 lo vil y despreciado del mundo\",\"datePublished\":\"2026-01-26T05:36:00+00:00\",\"dateModified\":\"2026-01-26T21:29:39+00:00\",\"mainEntityOfPage\":{\"@id\":\"https:\\\/\\\/quaker.org\\\/es\\\/2026\\\/01\\\/26\\\/dios-escogio-lo-vil-y-despreciado-del-mundo\\\/\"},\"wordCount\":1058,\"commentCount\":0,\"publisher\":{\"@id\":\"https:\\\/\\\/quaker.org\\\/es\\\/#organization\"},\"image\":{\"@id\":\"https:\\\/\\\/quaker.org\\\/es\\\/2026\\\/01\\\/26\\\/dios-escogio-lo-vil-y-despreciado-del-mundo\\\/#primaryimage\"},\"thumbnailUrl\":\"https:\\\/\\\/quaker.org\\\/wp-content\\\/uploads\\\/sites\\\/3\\\/2024\\\/07\\\/QOrgLookToTheLight_1b.jpg\",\"keywords\":[\"Cu\u00e1queros\",\"George Fox\",\"Isaac Penington\",\"Robert Barclay\"],\"articleSection\":[\"Sin categor\u00eda\"],\"inLanguage\":\"es-ES\",\"potentialAction\":[{\"@type\":\"CommentAction\",\"name\":\"Comment\",\"target\":[\"https:\\\/\\\/quaker.org\\\/es\\\/2026\\\/01\\\/26\\\/dios-escogio-lo-vil-y-despreciado-del-mundo\\\/#respond\"]}]},{\"@type\":\"WebPage\",\"@id\":\"https:\\\/\\\/quaker.org\\\/es\\\/2026\\\/01\\\/26\\\/dios-escogio-lo-vil-y-despreciado-del-mundo\\\/\",\"url\":\"https:\\\/\\\/quaker.org\\\/es\\\/2026\\\/01\\\/26\\\/dios-escogio-lo-vil-y-despreciado-del-mundo\\\/\",\"name\":\"Dios escogi\u00f3 lo vil y despreciado del mundo - Quaker.org\",\"isPartOf\":{\"@id\":\"https:\\\/\\\/quaker.org\\\/es\\\/#website\"},\"primaryImageOfPage\":{\"@id\":\"https:\\\/\\\/quaker.org\\\/es\\\/2026\\\/01\\\/26\\\/dios-escogio-lo-vil-y-despreciado-del-mundo\\\/#primaryimage\"},\"image\":{\"@id\":\"https:\\\/\\\/quaker.org\\\/es\\\/2026\\\/01\\\/26\\\/dios-escogio-lo-vil-y-despreciado-del-mundo\\\/#primaryimage\"},\"thumbnailUrl\":\"https:\\\/\\\/quaker.org\\\/wp-content\\\/uploads\\\/sites\\\/3\\\/2024\\\/07\\\/QOrgLookToTheLight_1b.jpg\",\"datePublished\":\"2026-01-26T05:36:00+00:00\",\"dateModified\":\"2026-01-26T21:29:39+00:00\",\"description\":\"Toda persona rechazada por las \u00e9lites tiene algo de Dios en ella. Todo marginado tiene un hogar en la comunidad bendecida.\",\"breadcrumb\":{\"@id\":\"https:\\\/\\\/quaker.org\\\/es\\\/2026\\\/01\\\/26\\\/dios-escogio-lo-vil-y-despreciado-del-mundo\\\/#breadcrumb\"},\"inLanguage\":\"es-ES\",\"potentialAction\":[{\"@type\":\"ReadAction\",\"target\":[\"https:\\\/\\\/quaker.org\\\/es\\\/2026\\\/01\\\/26\\\/dios-escogio-lo-vil-y-despreciado-del-mundo\\\/\"]}]},{\"@type\":\"ImageObject\",\"inLanguage\":\"es-ES\",\"@id\":\"https:\\\/\\\/quaker.org\\\/es\\\/2026\\\/01\\\/26\\\/dios-escogio-lo-vil-y-despreciado-del-mundo\\\/#primaryimage\",\"url\":\"https:\\\/\\\/quaker.org\\\/wp-content\\\/uploads\\\/sites\\\/3\\\/2024\\\/07\\\/QOrgLookToTheLight_1b.jpg\",\"contentUrl\":\"https:\\\/\\\/quaker.org\\\/wp-content\\\/uploads\\\/sites\\\/3\\\/2024\\\/07\\\/QOrgLookToTheLight_1b.jpg\",\"width\":1400,\"height\":271,\"caption\":\"Look to the Light: Una columna de Quaker.org\"},{\"@type\":\"BreadcrumbList\",\"@id\":\"https:\\\/\\\/quaker.org\\\/es\\\/2026\\\/01\\\/26\\\/dios-escogio-lo-vil-y-despreciado-del-mundo\\\/#breadcrumb\",\"itemListElement\":[{\"@type\":\"ListItem\",\"position\":1,\"name\":\"Home\",\"item\":\"https:\\\/\\\/quaker.org\\\/es\\\/bienvenido-a-a-quaker-org\\\/\"},{\"@type\":\"ListItem\",\"position\":2,\"name\":\"Dios escogi\u00f3 lo vil y despreciado del mundo\"}]},{\"@type\":\"WebSite\",\"@id\":\"https:\\\/\\\/quaker.org\\\/es\\\/#website\",\"url\":\"https:\\\/\\\/quaker.org\\\/es\\\/\",\"name\":\"Quaker.org\",\"description\":\"Learn about Friends\",\"publisher\":{\"@id\":\"https:\\\/\\\/quaker.org\\\/es\\\/#organization\"},\"potentialAction\":[{\"@type\":\"SearchAction\",\"target\":{\"@type\":\"EntryPoint\",\"urlTemplate\":\"https:\\\/\\\/quaker.org\\\/es\\\/?s={search_term_string}\"},\"query-input\":{\"@type\":\"PropertyValueSpecification\",\"valueRequired\":true,\"valueName\":\"search_term_string\"}}],\"inLanguage\":\"es-ES\"},{\"@type\":\"Organization\",\"@id\":\"https:\\\/\\\/quaker.org\\\/es\\\/#organization\",\"name\":\"Quaker.org\",\"url\":\"https:\\\/\\\/quaker.org\\\/es\\\/\",\"logo\":{\"@type\":\"ImageObject\",\"inLanguage\":\"es-ES\",\"@id\":\"https:\\\/\\\/quaker.org\\\/es\\\/#\\\/schema\\\/logo\\\/image\\\/\",\"url\":\"https:\\\/\\\/quaker.org\\\/wp-content\\\/uploads\\\/sites\\\/3\\\/2025\\\/08\\\/QuakerOrgLogo_BW-300x54-1.png\",\"contentUrl\":\"https:\\\/\\\/quaker.org\\\/wp-content\\\/uploads\\\/sites\\\/3\\\/2025\\\/08\\\/QuakerOrgLogo_BW-300x54-1.png\",\"width\":300,\"height\":54,\"caption\":\"Quaker.org\"},\"image\":{\"@id\":\"https:\\\/\\\/quaker.org\\\/es\\\/#\\\/schema\\\/logo\\\/image\\\/\"}},{\"@type\":\"Person\",\"@id\":\"https:\\\/\\\/quaker.org\\\/es\\\/#\\\/schema\\\/person\\\/a638c7e815ce3beb827484ff7805b27c\",\"name\":\"Ron Hogan\",\"image\":{\"@type\":\"ImageObject\",\"inLanguage\":\"es-ES\",\"@id\":\"https:\\\/\\\/secure.gravatar.com\\\/avatar\\\/e63e797fd6e8ff525b085ec0ed75cddf18070ebf6f67839f3939d820e2bc378f?s=96&d=mm&r=g\",\"url\":\"https:\\\/\\\/secure.gravatar.com\\\/avatar\\\/e63e797fd6e8ff525b085ec0ed75cddf18070ebf6f67839f3939d820e2bc378f?s=96&d=mm&r=g\",\"contentUrl\":\"https:\\\/\\\/secure.gravatar.com\\\/avatar\\\/e63e797fd6e8ff525b085ec0ed75cddf18070ebf6f67839f3939d820e2bc378f?s=96&d=mm&r=g\",\"caption\":\"Ron Hogan\"},\"url\":\"https:\\\/\\\/quaker.org\\\/es\\\/author\\\/ron-hogan\\\/\"}]}<\/script>\n<!-- \/ Yoast SEO plugin. -->","yoast_head_json":{"title":"Dios escogi\u00f3 lo vil y despreciado del mundo - Quaker.org","description":"Toda persona rechazada por las \u00e9lites tiene algo de Dios en ella. Todo marginado tiene un hogar en la comunidad bendecida.","robots":{"index":"index","follow":"follow","max-snippet":"max-snippet:-1","max-image-preview":"max-image-preview:large","max-video-preview":"max-video-preview:-1"},"canonical":"https:\/\/quaker.org\/es\/2026\/01\/26\/dios-escogio-lo-vil-y-despreciado-del-mundo\/","og_locale":"es_ES","og_type":"article","og_title":"Dios escogi\u00f3 lo vil y despreciado del mundo - Quaker.org","og_description":"Toda persona rechazada por las \u00e9lites tiene algo de Dios en ella. Todo marginado tiene un hogar en la comunidad bendecida.","og_url":"https:\/\/quaker.org\/es\/2026\/01\/26\/dios-escogio-lo-vil-y-despreciado-del-mundo\/","og_site_name":"Quaker.org","article_published_time":"2026-01-26T05:36:00+00:00","article_modified_time":"2026-01-26T21:29:39+00:00","og_image":[{"width":1400,"height":271,"url":"https:\/\/quaker.org\/wp-content\/uploads\/sites\/3\/2024\/07\/QOrgLookToTheLight_1b.jpg","type":"image\/jpeg"}],"author":"Ron Hogan","twitter_card":"summary_large_image","twitter_misc":{"Written by":"Ron Hogan","Est. reading time":"5 minutes"},"schema":{"@context":"https:\/\/schema.org","@graph":[{"@type":"Article","@id":"https:\/\/quaker.org\/es\/2026\/01\/26\/dios-escogio-lo-vil-y-despreciado-del-mundo\/#article","isPartOf":{"@id":"https:\/\/quaker.org\/es\/2026\/01\/26\/dios-escogio-lo-vil-y-despreciado-del-mundo\/"},"author":{"name":"Ron Hogan","@id":"https:\/\/quaker.org\/es\/#\/schema\/person\/a638c7e815ce3beb827484ff7805b27c"},"headline":"Dios escogi\u00f3 lo vil y despreciado del mundo","datePublished":"2026-01-26T05:36:00+00:00","dateModified":"2026-01-26T21:29:39+00:00","mainEntityOfPage":{"@id":"https:\/\/quaker.org\/es\/2026\/01\/26\/dios-escogio-lo-vil-y-despreciado-del-mundo\/"},"wordCount":1058,"commentCount":0,"publisher":{"@id":"https:\/\/quaker.org\/es\/#organization"},"image":{"@id":"https:\/\/quaker.org\/es\/2026\/01\/26\/dios-escogio-lo-vil-y-despreciado-del-mundo\/#primaryimage"},"thumbnailUrl":"https:\/\/quaker.org\/wp-content\/uploads\/sites\/3\/2024\/07\/QOrgLookToTheLight_1b.jpg","keywords":["Cu\u00e1queros","George Fox","Isaac Penington","Robert Barclay"],"articleSection":["Sin categor\u00eda"],"inLanguage":"es-ES","potentialAction":[{"@type":"CommentAction","name":"Comment","target":["https:\/\/quaker.org\/es\/2026\/01\/26\/dios-escogio-lo-vil-y-despreciado-del-mundo\/#respond"]}]},{"@type":"WebPage","@id":"https:\/\/quaker.org\/es\/2026\/01\/26\/dios-escogio-lo-vil-y-despreciado-del-mundo\/","url":"https:\/\/quaker.org\/es\/2026\/01\/26\/dios-escogio-lo-vil-y-despreciado-del-mundo\/","name":"Dios escogi\u00f3 lo vil y despreciado del mundo - Quaker.org","isPartOf":{"@id":"https:\/\/quaker.org\/es\/#website"},"primaryImageOfPage":{"@id":"https:\/\/quaker.org\/es\/2026\/01\/26\/dios-escogio-lo-vil-y-despreciado-del-mundo\/#primaryimage"},"image":{"@id":"https:\/\/quaker.org\/es\/2026\/01\/26\/dios-escogio-lo-vil-y-despreciado-del-mundo\/#primaryimage"},"thumbnailUrl":"https:\/\/quaker.org\/wp-content\/uploads\/sites\/3\/2024\/07\/QOrgLookToTheLight_1b.jpg","datePublished":"2026-01-26T05:36:00+00:00","dateModified":"2026-01-26T21:29:39+00:00","description":"Toda persona rechazada por las \u00e9lites tiene algo de Dios en ella. Todo marginado tiene un hogar en la comunidad bendecida.","breadcrumb":{"@id":"https:\/\/quaker.org\/es\/2026\/01\/26\/dios-escogio-lo-vil-y-despreciado-del-mundo\/#breadcrumb"},"inLanguage":"es-ES","potentialAction":[{"@type":"ReadAction","target":["https:\/\/quaker.org\/es\/2026\/01\/26\/dios-escogio-lo-vil-y-despreciado-del-mundo\/"]}]},{"@type":"ImageObject","inLanguage":"es-ES","@id":"https:\/\/quaker.org\/es\/2026\/01\/26\/dios-escogio-lo-vil-y-despreciado-del-mundo\/#primaryimage","url":"https:\/\/quaker.org\/wp-content\/uploads\/sites\/3\/2024\/07\/QOrgLookToTheLight_1b.jpg","contentUrl":"https:\/\/quaker.org\/wp-content\/uploads\/sites\/3\/2024\/07\/QOrgLookToTheLight_1b.jpg","width":1400,"height":271,"caption":"Look to the Light: Una columna de Quaker.org"},{"@type":"BreadcrumbList","@id":"https:\/\/quaker.org\/es\/2026\/01\/26\/dios-escogio-lo-vil-y-despreciado-del-mundo\/#breadcrumb","itemListElement":[{"@type":"ListItem","position":1,"name":"Home","item":"https:\/\/quaker.org\/es\/bienvenido-a-a-quaker-org\/"},{"@type":"ListItem","position":2,"name":"Dios escogi\u00f3 lo vil y despreciado del mundo"}]},{"@type":"WebSite","@id":"https:\/\/quaker.org\/es\/#website","url":"https:\/\/quaker.org\/es\/","name":"Quaker.org","description":"Learn about Friends","publisher":{"@id":"https:\/\/quaker.org\/es\/#organization"},"potentialAction":[{"@type":"SearchAction","target":{"@type":"EntryPoint","urlTemplate":"https:\/\/quaker.org\/es\/?s={search_term_string}"},"query-input":{"@type":"PropertyValueSpecification","valueRequired":true,"valueName":"search_term_string"}}],"inLanguage":"es-ES"},{"@type":"Organization","@id":"https:\/\/quaker.org\/es\/#organization","name":"Quaker.org","url":"https:\/\/quaker.org\/es\/","logo":{"@type":"ImageObject","inLanguage":"es-ES","@id":"https:\/\/quaker.org\/es\/#\/schema\/logo\/image\/","url":"https:\/\/quaker.org\/wp-content\/uploads\/sites\/3\/2025\/08\/QuakerOrgLogo_BW-300x54-1.png","contentUrl":"https:\/\/quaker.org\/wp-content\/uploads\/sites\/3\/2025\/08\/QuakerOrgLogo_BW-300x54-1.png","width":300,"height":54,"caption":"Quaker.org"},"image":{"@id":"https:\/\/quaker.org\/es\/#\/schema\/logo\/image\/"}},{"@type":"Person","@id":"https:\/\/quaker.org\/es\/#\/schema\/person\/a638c7e815ce3beb827484ff7805b27c","name":"Ron Hogan","image":{"@type":"ImageObject","inLanguage":"es-ES","@id":"https:\/\/secure.gravatar.com\/avatar\/e63e797fd6e8ff525b085ec0ed75cddf18070ebf6f67839f3939d820e2bc378f?s=96&d=mm&r=g","url":"https:\/\/secure.gravatar.com\/avatar\/e63e797fd6e8ff525b085ec0ed75cddf18070ebf6f67839f3939d820e2bc378f?s=96&d=mm&r=g","contentUrl":"https:\/\/secure.gravatar.com\/avatar\/e63e797fd6e8ff525b085ec0ed75cddf18070ebf6f67839f3939d820e2bc378f?s=96&d=mm&r=g","caption":"Ron Hogan"},"url":"https:\/\/quaker.org\/es\/author\/ron-hogan\/"}]}},"distributor_meta":false,"distributor_terms":false,"distributor_media":false,"distributor_original_site_name":"Quaker.org","distributor_original_site_url":"https:\/\/quaker.org\/es\/","push-errors":false,"acf":{"fpb_author_profile_picture":null,"author_name":null,"bio":null,"issue_path":null,"page_number":null,"fpb_display_featured_image":null,"fj_schema_markup":null},"_links":{"self":[{"href":"https:\/\/quaker.org\/es\/wp-json\/wp\/v2\/posts\/3922","targetHints":{"allow":["GET"]}}],"collection":[{"href":"https:\/\/quaker.org\/es\/wp-json\/wp\/v2\/posts"}],"about":[{"href":"https:\/\/quaker.org\/es\/wp-json\/wp\/v2\/types\/post"}],"author":[{"embeddable":true,"href":"https:\/\/quaker.org\/es\/wp-json\/wp\/v2\/users\/5131"}],"replies":[{"embeddable":true,"href":"https:\/\/quaker.org\/es\/wp-json\/wp\/v2\/comments?post=3922"}],"version-history":[{"count":2,"href":"https:\/\/quaker.org\/es\/wp-json\/wp\/v2\/posts\/3922\/revisions"}],"predecessor-version":[{"id":3925,"href":"https:\/\/quaker.org\/es\/wp-json\/wp\/v2\/posts\/3922\/revisions\/3925"}],"wp:featuredmedia":[{"embeddable":true,"href":"https:\/\/quaker.org\/es\/wp-json\/wp\/v2\/media\/2373"}],"wp:attachment":[{"href":"https:\/\/quaker.org\/es\/wp-json\/wp\/v2\/media?parent=3922"}],"wp:term":[{"taxonomy":"category","embeddable":true,"href":"https:\/\/quaker.org\/es\/wp-json\/wp\/v2\/categories?post=3922"},{"taxonomy":"post_tag","embeddable":true,"href":"https:\/\/quaker.org\/es\/wp-json\/wp\/v2\/tags?post=3922"}],"curies":[{"name":"wp","href":"https:\/\/api.w.org\/{rel}","templated":true}]}}