{"id":3659,"date":"2025-11-10T00:13:30","date_gmt":"2025-11-10T05:13:30","guid":{"rendered":"https:\/\/quaker.org\/2025\/11\/10\/quien-no-este-dispuesto-a-trabajar-que-no-coma\/"},"modified":"2025-11-10T11:35:23","modified_gmt":"2025-11-10T16:35:23","slug":"quien-no-este-dispuesto-a-trabajar-que-no-coma","status":"publish","type":"post","link":"https:\/\/quaker.org\/es\/2025\/11\/10\/quien-no-este-dispuesto-a-trabajar-que-no-coma\/","title":{"rendered":"Quien no est\u00e9 dispuesto a trabajar, que no coma."},"content":{"rendered":"\n<blockquote class=\"wp-block-quote is-layout-flow wp-block-quote-is-layout-flow\">\n<p><em>Ahora os ordenamos, hermanos y hermanas, en el nombre de nuestro Se\u00f1or Jesucristo, que os apart\u00e9is de todo hermano o hermana que viva irresponsablemente y no de acuerdo con la tradici\u00f3n que recibieron de nosotros. Pues vosotros mismos sab\u00e9is c\u00f3mo deb\u00e9is imitarnos; no fuimos irresponsables cuando estuvimos con vosotros, y no comimos el pan de nadie sin pagarlo, sino que con fatiga y trabajo trabajamos noche y d\u00eda para no ser una carga para ninguno de vosotros. No porque no tengamos ese derecho, sino para daros un ejemplo que imitar.   <\/em><strong><em> <\/em><\/strong><em>Porque incluso cuando est\u00e1bamos con vosotros, os dimos esta orden: <\/em><strong><em>quien no est\u00e9 dispuesto a trabajar, que no coma<\/em><\/strong><em>.<\/em><strong><em> <\/em><\/strong><em>Porque o\u00edmos que algunos de vosotros viv\u00eds irresponsablemente, como simples entrometidos, sin hacer ning\u00fan trabajo.<\/em><strong><em> <\/em><\/strong><em>Ahora, a tales personas les ordenamos y exhortamos en el Se\u00f1or Jesucristo a que hagan su trabajo en silencio y se ganen su propio sustento. Hermanos y hermanas, no os cans\u00e9is de hacer lo que es correcto. <\/em><br\/>(2 Tesalonicenses 3:6-13, nueva versi\u00f3n est\u00e1ndar revisada, edici\u00f3n actualizada)<\/p>\n<\/blockquote>\n\n<h3 class=\"wp-block-heading\">Bueno, esta lectura llega en un momento bastante inc\u00f3modo.<\/h3>\n\n<p>Comenc\u00e9 este mensaje la primera semana de noviembre. Como consecuencia del cierre del gobierno de los Estados Unidos, el Programa de Asistencia Nutricional Suplementaria (SNAP) se qued\u00f3 sin fondos. Eso significa que casi 42 millones de estadounidenses de bajos ingresos podr\u00edan haber perdido los beneficios que les ayudan a comprar alimentos para ellos y sus familias.   <\/p>\n\n<p>Digo <em>podr\u00edan haber<\/em> porque, a finales de octubre, dos tribunales ordenaron al Departamento de Agricultura, que supervisa el SNAP, que utilizara un fondo de contingencia de 4.650 millones de d\u00f3lares para mantener el programa en funcionamiento. Cuatro d\u00edas despu\u00e9s, sin embargo, Donald Trump recurri\u00f3 a las redes sociales para insistir en que solo liberar\u00eda los beneficios \u201ccuando esos dem\u00f3cratas de la izquierda radical abran el gobierno&#8230; \u00a1y no antes!\u201d. La Casa Blanca contradijo r\u00e1pidamente a Trump, reconociendo que la administraci\u00f3n distribuir\u00eda \u201ctanto como podamos y tan r\u00e1pido como podamos\u201d, pero poco despu\u00e9s <g id=\"gid_1\">de eso<\/g>, uno de los jueces insisti\u00f3 en pagos inmediatos y completos. (Trump pidi\u00f3 a la Corte Suprema que negara esa orden, e incluso trat\u00f3 de recuperar el dinero que ya hab\u00eda sido liberado).    <\/p>\n\n<p>A medida que estos eventos se desarrollaban, la mayor\u00eda de la gente se preocupaba por, digamos, 16 millones de ni\u00f1os que se quedaban sin comer. Algunos, sin embargo, incluido el presidente, aprovecharon la oportunidad para atacar al SNAP, alegando que, bajo la administraci\u00f3n anterior, los beneficios \u201cse \u2018entregaban\u2019 al azar a cualquiera que lo pidiera\u201d. Retrataron a muchos beneficiarios como estafadores y gorrones, robando recursos a los estadounidenses que realmente necesitan la ayuda.  <\/p>\n\n<p>Ahora, algunas personas han utilizado el consejo de Pablo a los Tesalonicenses para atacar programas como el SNAP, junto con los programas de asistencia en general. La gente no puede esperar limosnas, nos dicen, a menudo con una categor\u00eda racial particular en mente. S\u00ed, incluso en las congregaciones cristianas, dicen tales cosas, y s\u00ed, incluso en las reuniones de Los Amigos.  <\/p>\n\n<p>Entonces, como digo, \u00bfque <em>esta<\/em> lectura aparezca en <em>este<\/em> momento? Eso deber\u00eda hacer que algunas personas se retuerzan el pr\u00f3ximo domingo. <\/p>\n\n<figure class=\"wp-block-image aligncenter size-full is-resized\"><img loading=\"lazy\" decoding=\"async\" width=\"957\" height=\"950\" src=\"https:\/\/quaker.org\/wp-content\/uploads\/sites\/3\/2025\/11\/food-bank-donations.jpg\" alt=\"Una fotograf&#xED;a de productos enlatados, donados a un banco de alimentos.\" class=\"wp-image-3653\" style=\"width:600px\" srcset=\"https:\/\/quaker.org\/wp-content\/uploads\/sites\/3\/2025\/11\/food-bank-donations.jpg 957w, https:\/\/quaker.org\/wp-content\/uploads\/sites\/3\/2025\/11\/food-bank-donations-300x298.jpg 300w, https:\/\/quaker.org\/wp-content\/uploads\/sites\/3\/2025\/11\/food-bank-donations-150x150.jpg 150w, https:\/\/quaker.org\/wp-content\/uploads\/sites\/3\/2025\/11\/food-bank-donations-768x762.jpg 768w\" sizes=\"auto, (max-width: 957px) 100vw, 957px\" \/><figcaption class=\"wp-element-caption\">Productos enlatados donados a un banco de alimentos, 2019.<br\/>Foto: Robert Brazzell\/Guardia Costera de EE. UU.<\/figcaption><\/figure>\n\n<h3 class=\"wp-block-heading\">Pero, \u00bfqu\u00e9 quiso decir realmente Pablo a los Tesalonicenses aqu\u00ed?<\/h3>\n\n<p>Sin duda, no les habr\u00eda animado a dejar que sus vecinos pasaran hambre. Cuando hablaba de una discusi\u00f3n con los primeros ap\u00f3stoles, por ejemplo, recordaba que termin\u00f3 con una \u00fanica petici\u00f3n: \u201cque nos acord\u00e1ramos de los pobres, que era precisamente lo que yo estaba deseando hacer\u201d (G\u00e1latas 2:10). Cuando quiso sugerir que no obtenemos ninguna recompensa espiritual ni siquiera por los actos caritativos m\u00e1s profundos si se realizan sin amor, imagin\u00f3 dar todo lo que pose\u00eda para alimentar a los pobres (1 Corintios 13:3).   <\/p>\n\n<p>Muchas personas sugieren que Pablo no estaba animando a los Tesalonicenses a rechazar a nadie que necesitara una comida; seg\u00fan ellos, no estaba hablando con las personas que ten\u00edan la comida en absoluto. En cambio, dicen, estaba aconsejando a los miembros de las primitivas comunidades cristianas que no se aprovecharan de sus recursos compartidos si no hab\u00edan hecho su parte para contribuir. <\/p>\n\n<p>Perm\u00edtanme enmarcar esto de una manera que casi cualquier Amigo deber\u00eda entender: Imaginen que su reuni\u00f3n organiza una comida compartida. Si alguien en la reuni\u00f3n estuviera pasando por momentos dif\u00edciles, no le negar\u00edan su comida. Diablos, si alguien que nunca han conocido antes entrara en la casa de reuni\u00f3n y preguntara si pod\u00eda unirse a ustedes, probablemente no lo rechazar\u00edan, especialmente si pudieran notar que realmente necesita una buena comida.  <\/p>\n\n<p>Ahora digamos que podr\u00edan haber hecho algo para la comida compartida, pero decidieron que ten\u00edan cosas mejores que hacer ayer. Incluso podr\u00edan haberse detenido en una tienda de conveniencia de camino a la reuni\u00f3n y haber recogido una botella grande o dos de t\u00e9 helado, pero no les apetec\u00eda desviarse. En ese caso, dice Pablo, no tomen tanto, tal vez no tomen nada.   <\/p>\n\n<h3 class=\"wp-block-heading\">\u00bfC\u00f3mo llega la gente de <em>eso<\/em> a negar la ayuda a los necesitados?<\/h3>\n\n<p>Una sociedad organizada en torno a la riqueza y el poder siempre llevar\u00e1 a que algunas personas intenten adquirir m\u00e1s para s\u00ed mismas tomando de todos los dem\u00e1s. Jes\u00fas quer\u00eda liberarnos de ese tipo de mentalidad de escasez. \u201cNo os preocup\u00e9is por vuestra vida\u201d, inst\u00f3 a sus disc\u00edpulos:  <\/p>\n\n<blockquote class=\"wp-block-quote is-layout-flow wp-block-quote-is-layout-flow\">\n<p>\u201c\u2026qu\u00e9 comer\u00e9is o qu\u00e9 beber\u00e9is, ni por vuestro cuerpo, qu\u00e9 vestir\u00e9is\u2026 Vuestro Padre celestial sabe que necesit\u00e1is todas estas cosas. Pero buscad primero el reino de Dios y su justicia, y todas estas cosas os ser\u00e1n dadas tambi\u00e9n.\u201d (Mateo 6:25,32-33)<\/p>\n<\/blockquote>\n\n<p>Cuando la gente olvida esa promesa, e intenta afirmar el dominio sobre sus recursos dados por Dios, c\u00f3mo vivimos como Los Amigos puede proporcionar un recordatorio inequ\u00edvoco de la bendita comunidad que espera. Si usted y su reuni\u00f3n est\u00e1n proveyendo para los vecinos que necesitan asistencia, en formas grandes o peque\u00f1as, \u00a1genial! Si no, \u00bfc\u00f3mo pueden empezar?  <\/p>\n\n<div class=\"wp-block-buttons is-content-justification-center is-layout-flex wp-container-core-buttons-is-layout-16018d1d wp-block-buttons-is-layout-flex\">\n<div class=\"wp-block-button\"><a class=\"wp-block-button__link has-friends-dark-blue-color has-text-color has-background has-link-color wp-element-button\" href=\"https:\/\/quaker.org\/es\/3219-2\/\" style=\"background:linear-gradient(135deg,rgb(255,245,156) 0%,rgb(255,245,156) 100%)\"><strong>IR A LA P\u00c1GINA DE INICIO DE LOOK TO THE LIGHT<\/strong><\/a><\/div>\n<\/div>\n\n<p><\/p>\n","protected":false},"excerpt":{"rendered":"<p>Ahora os ordenamos, hermanos y hermanas, en el nombre de nuestro Se\u00f1or Jesucristo, que os apart\u00e9is de todo hermano o&hellip;<\/p>\n","protected":false},"author":5131,"featured_media":2373,"comment_status":"open","ping_status":"open","sticky":false,"template":"","format":"standard","meta":{"_acf_changed":false,"footnotes":""},"categories":[170],"tags":[182,335,290,336],"class_list":["post-3659","post","type-post","status-publish","format-standard","has-post-thumbnail","hentry","category-sin-categoria","tag-cuaqueros","tag-donald-trump","tag-pablo","tag-tesalonicenses"],"yoast_head":"<!-- This site is optimized with the Yoast SEO plugin v27.5 - https:\/\/yoast.com\/product\/yoast-seo-wordpress\/ -->\n<title>Quien no est\u00e9 dispuesto a trabajar, que no coma. - Quaker.org<\/title>\n<meta name=\"description\" content=\"\u00bfQu\u00e9 quiso decir realmente Pablo a los Tesalonicenses? Ciertamente, no habr\u00eda animado a nadie a dejar que sus vecinos pasaran hambre.\" \/>\n<meta name=\"robots\" content=\"index, follow, max-snippet:-1, max-image-preview:large, max-video-preview:-1\" \/>\n<link rel=\"canonical\" href=\"https:\/\/quaker.org\/es\/2025\/11\/10\/quien-no-este-dispuesto-a-trabajar-que-no-coma\/\" \/>\n<meta property=\"og:locale\" content=\"es_ES\" \/>\n<meta property=\"og:type\" content=\"article\" \/>\n<meta property=\"og:title\" content=\"Quien no est\u00e9 dispuesto a trabajar, que no coma. - Quaker.org\" \/>\n<meta property=\"og:description\" content=\"\u00bfQu\u00e9 quiso decir realmente Pablo a los Tesalonicenses? Ciertamente, no habr\u00eda animado a nadie a dejar que sus vecinos pasaran hambre.\" \/>\n<meta property=\"og:url\" content=\"https:\/\/quaker.org\/es\/2025\/11\/10\/quien-no-este-dispuesto-a-trabajar-que-no-coma\/\" \/>\n<meta property=\"og:site_name\" content=\"Quaker.org\" \/>\n<meta property=\"article:published_time\" content=\"2025-11-10T05:13:30+00:00\" \/>\n<meta property=\"article:modified_time\" content=\"2025-11-10T16:35:23+00:00\" \/>\n<meta property=\"og:image\" content=\"https:\/\/quaker.org\/wp-content\/uploads\/sites\/3\/2024\/07\/QOrgLookToTheLight_1b.jpg\" \/>\n\t<meta property=\"og:image:width\" content=\"1400\" \/>\n\t<meta property=\"og:image:height\" content=\"271\" \/>\n\t<meta property=\"og:image:type\" content=\"image\/jpeg\" \/>\n<meta name=\"author\" content=\"Ron Hogan\" \/>\n<meta name=\"twitter:card\" content=\"summary_large_image\" \/>\n<meta name=\"twitter:label1\" content=\"Written by\" \/>\n\t<meta name=\"twitter:data1\" content=\"Ron Hogan\" \/>\n\t<meta name=\"twitter:label2\" content=\"Est. reading time\" \/>\n\t<meta name=\"twitter:data2\" content=\"5 minutes\" \/>\n<script type=\"application\/ld+json\" class=\"yoast-schema-graph\">{\"@context\":\"https:\\\/\\\/schema.org\",\"@graph\":[{\"@type\":\"Article\",\"@id\":\"https:\\\/\\\/quaker.org\\\/es\\\/2025\\\/11\\\/10\\\/quien-no-este-dispuesto-a-trabajar-que-no-coma\\\/#article\",\"isPartOf\":{\"@id\":\"https:\\\/\\\/quaker.org\\\/es\\\/2025\\\/11\\\/10\\\/quien-no-este-dispuesto-a-trabajar-que-no-coma\\\/\"},\"author\":{\"name\":\"Ron Hogan\",\"@id\":\"https:\\\/\\\/quaker.org\\\/es\\\/#\\\/schema\\\/person\\\/a638c7e815ce3beb827484ff7805b27c\"},\"headline\":\"Quien no est\u00e9 dispuesto a trabajar, que no coma.\",\"datePublished\":\"2025-11-10T05:13:30+00:00\",\"dateModified\":\"2025-11-10T16:35:23+00:00\",\"mainEntityOfPage\":{\"@id\":\"https:\\\/\\\/quaker.org\\\/es\\\/2025\\\/11\\\/10\\\/quien-no-este-dispuesto-a-trabajar-que-no-coma\\\/\"},\"wordCount\":1073,\"commentCount\":0,\"publisher\":{\"@id\":\"https:\\\/\\\/quaker.org\\\/es\\\/#organization\"},\"image\":{\"@id\":\"https:\\\/\\\/quaker.org\\\/es\\\/2025\\\/11\\\/10\\\/quien-no-este-dispuesto-a-trabajar-que-no-coma\\\/#primaryimage\"},\"thumbnailUrl\":\"https:\\\/\\\/quaker.org\\\/wp-content\\\/uploads\\\/sites\\\/3\\\/2024\\\/07\\\/QOrgLookToTheLight_1b.jpg\",\"keywords\":[\"Cu\u00e1queros\",\"Donald trump\",\"Pablo\",\"Tesalonicenses\"],\"articleSection\":[\"Sin categor\u00eda\"],\"inLanguage\":\"es-ES\",\"potentialAction\":[{\"@type\":\"CommentAction\",\"name\":\"Comment\",\"target\":[\"https:\\\/\\\/quaker.org\\\/es\\\/2025\\\/11\\\/10\\\/quien-no-este-dispuesto-a-trabajar-que-no-coma\\\/#respond\"]}]},{\"@type\":\"WebPage\",\"@id\":\"https:\\\/\\\/quaker.org\\\/es\\\/2025\\\/11\\\/10\\\/quien-no-este-dispuesto-a-trabajar-que-no-coma\\\/\",\"url\":\"https:\\\/\\\/quaker.org\\\/es\\\/2025\\\/11\\\/10\\\/quien-no-este-dispuesto-a-trabajar-que-no-coma\\\/\",\"name\":\"Quien no est\u00e9 dispuesto a trabajar, que no coma. - Quaker.org\",\"isPartOf\":{\"@id\":\"https:\\\/\\\/quaker.org\\\/es\\\/#website\"},\"primaryImageOfPage\":{\"@id\":\"https:\\\/\\\/quaker.org\\\/es\\\/2025\\\/11\\\/10\\\/quien-no-este-dispuesto-a-trabajar-que-no-coma\\\/#primaryimage\"},\"image\":{\"@id\":\"https:\\\/\\\/quaker.org\\\/es\\\/2025\\\/11\\\/10\\\/quien-no-este-dispuesto-a-trabajar-que-no-coma\\\/#primaryimage\"},\"thumbnailUrl\":\"https:\\\/\\\/quaker.org\\\/wp-content\\\/uploads\\\/sites\\\/3\\\/2024\\\/07\\\/QOrgLookToTheLight_1b.jpg\",\"datePublished\":\"2025-11-10T05:13:30+00:00\",\"dateModified\":\"2025-11-10T16:35:23+00:00\",\"description\":\"\u00bfQu\u00e9 quiso decir realmente Pablo a los Tesalonicenses? Ciertamente, no habr\u00eda animado a nadie a dejar que sus vecinos pasaran hambre.\",\"breadcrumb\":{\"@id\":\"https:\\\/\\\/quaker.org\\\/es\\\/2025\\\/11\\\/10\\\/quien-no-este-dispuesto-a-trabajar-que-no-coma\\\/#breadcrumb\"},\"inLanguage\":\"es-ES\",\"potentialAction\":[{\"@type\":\"ReadAction\",\"target\":[\"https:\\\/\\\/quaker.org\\\/es\\\/2025\\\/11\\\/10\\\/quien-no-este-dispuesto-a-trabajar-que-no-coma\\\/\"]}]},{\"@type\":\"ImageObject\",\"inLanguage\":\"es-ES\",\"@id\":\"https:\\\/\\\/quaker.org\\\/es\\\/2025\\\/11\\\/10\\\/quien-no-este-dispuesto-a-trabajar-que-no-coma\\\/#primaryimage\",\"url\":\"https:\\\/\\\/quaker.org\\\/wp-content\\\/uploads\\\/sites\\\/3\\\/2024\\\/07\\\/QOrgLookToTheLight_1b.jpg\",\"contentUrl\":\"https:\\\/\\\/quaker.org\\\/wp-content\\\/uploads\\\/sites\\\/3\\\/2024\\\/07\\\/QOrgLookToTheLight_1b.jpg\",\"width\":1400,\"height\":271,\"caption\":\"Look to the Light: Una columna de Quaker.org\"},{\"@type\":\"BreadcrumbList\",\"@id\":\"https:\\\/\\\/quaker.org\\\/es\\\/2025\\\/11\\\/10\\\/quien-no-este-dispuesto-a-trabajar-que-no-coma\\\/#breadcrumb\",\"itemListElement\":[{\"@type\":\"ListItem\",\"position\":1,\"name\":\"Home\",\"item\":\"https:\\\/\\\/quaker.org\\\/es\\\/bienvenido-a-a-quaker-org\\\/\"},{\"@type\":\"ListItem\",\"position\":2,\"name\":\"Quien no est\u00e9 dispuesto a trabajar, que no coma.\"}]},{\"@type\":\"WebSite\",\"@id\":\"https:\\\/\\\/quaker.org\\\/es\\\/#website\",\"url\":\"https:\\\/\\\/quaker.org\\\/es\\\/\",\"name\":\"Quaker.org\",\"description\":\"Learn about Friends\",\"publisher\":{\"@id\":\"https:\\\/\\\/quaker.org\\\/es\\\/#organization\"},\"potentialAction\":[{\"@type\":\"SearchAction\",\"target\":{\"@type\":\"EntryPoint\",\"urlTemplate\":\"https:\\\/\\\/quaker.org\\\/es\\\/?s={search_term_string}\"},\"query-input\":{\"@type\":\"PropertyValueSpecification\",\"valueRequired\":true,\"valueName\":\"search_term_string\"}}],\"inLanguage\":\"es-ES\"},{\"@type\":\"Organization\",\"@id\":\"https:\\\/\\\/quaker.org\\\/es\\\/#organization\",\"name\":\"Quaker.org\",\"url\":\"https:\\\/\\\/quaker.org\\\/es\\\/\",\"logo\":{\"@type\":\"ImageObject\",\"inLanguage\":\"es-ES\",\"@id\":\"https:\\\/\\\/quaker.org\\\/es\\\/#\\\/schema\\\/logo\\\/image\\\/\",\"url\":\"https:\\\/\\\/quaker.org\\\/wp-content\\\/uploads\\\/sites\\\/3\\\/2025\\\/08\\\/QuakerOrgLogo_BW-300x54-1.png\",\"contentUrl\":\"https:\\\/\\\/quaker.org\\\/wp-content\\\/uploads\\\/sites\\\/3\\\/2025\\\/08\\\/QuakerOrgLogo_BW-300x54-1.png\",\"width\":300,\"height\":54,\"caption\":\"Quaker.org\"},\"image\":{\"@id\":\"https:\\\/\\\/quaker.org\\\/es\\\/#\\\/schema\\\/logo\\\/image\\\/\"}},{\"@type\":\"Person\",\"@id\":\"https:\\\/\\\/quaker.org\\\/es\\\/#\\\/schema\\\/person\\\/a638c7e815ce3beb827484ff7805b27c\",\"name\":\"Ron Hogan\",\"image\":{\"@type\":\"ImageObject\",\"inLanguage\":\"es-ES\",\"@id\":\"https:\\\/\\\/secure.gravatar.com\\\/avatar\\\/e63e797fd6e8ff525b085ec0ed75cddf18070ebf6f67839f3939d820e2bc378f?s=96&d=mm&r=g\",\"url\":\"https:\\\/\\\/secure.gravatar.com\\\/avatar\\\/e63e797fd6e8ff525b085ec0ed75cddf18070ebf6f67839f3939d820e2bc378f?s=96&d=mm&r=g\",\"contentUrl\":\"https:\\\/\\\/secure.gravatar.com\\\/avatar\\\/e63e797fd6e8ff525b085ec0ed75cddf18070ebf6f67839f3939d820e2bc378f?s=96&d=mm&r=g\",\"caption\":\"Ron Hogan\"},\"url\":\"https:\\\/\\\/quaker.org\\\/es\\\/author\\\/ron-hogan\\\/\"}]}<\/script>\n<!-- \/ Yoast SEO plugin. -->","yoast_head_json":{"title":"Quien no est\u00e9 dispuesto a trabajar, que no coma. - Quaker.org","description":"\u00bfQu\u00e9 quiso decir realmente Pablo a los Tesalonicenses? Ciertamente, no habr\u00eda animado a nadie a dejar que sus vecinos pasaran hambre.","robots":{"index":"index","follow":"follow","max-snippet":"max-snippet:-1","max-image-preview":"max-image-preview:large","max-video-preview":"max-video-preview:-1"},"canonical":"https:\/\/quaker.org\/es\/2025\/11\/10\/quien-no-este-dispuesto-a-trabajar-que-no-coma\/","og_locale":"es_ES","og_type":"article","og_title":"Quien no est\u00e9 dispuesto a trabajar, que no coma. - Quaker.org","og_description":"\u00bfQu\u00e9 quiso decir realmente Pablo a los Tesalonicenses? Ciertamente, no habr\u00eda animado a nadie a dejar que sus vecinos pasaran hambre.","og_url":"https:\/\/quaker.org\/es\/2025\/11\/10\/quien-no-este-dispuesto-a-trabajar-que-no-coma\/","og_site_name":"Quaker.org","article_published_time":"2025-11-10T05:13:30+00:00","article_modified_time":"2025-11-10T16:35:23+00:00","og_image":[{"width":1400,"height":271,"url":"https:\/\/quaker.org\/wp-content\/uploads\/sites\/3\/2024\/07\/QOrgLookToTheLight_1b.jpg","type":"image\/jpeg"}],"author":"Ron Hogan","twitter_card":"summary_large_image","twitter_misc":{"Written by":"Ron Hogan","Est. reading time":"5 minutes"},"schema":{"@context":"https:\/\/schema.org","@graph":[{"@type":"Article","@id":"https:\/\/quaker.org\/es\/2025\/11\/10\/quien-no-este-dispuesto-a-trabajar-que-no-coma\/#article","isPartOf":{"@id":"https:\/\/quaker.org\/es\/2025\/11\/10\/quien-no-este-dispuesto-a-trabajar-que-no-coma\/"},"author":{"name":"Ron Hogan","@id":"https:\/\/quaker.org\/es\/#\/schema\/person\/a638c7e815ce3beb827484ff7805b27c"},"headline":"Quien no est\u00e9 dispuesto a trabajar, que no coma.","datePublished":"2025-11-10T05:13:30+00:00","dateModified":"2025-11-10T16:35:23+00:00","mainEntityOfPage":{"@id":"https:\/\/quaker.org\/es\/2025\/11\/10\/quien-no-este-dispuesto-a-trabajar-que-no-coma\/"},"wordCount":1073,"commentCount":0,"publisher":{"@id":"https:\/\/quaker.org\/es\/#organization"},"image":{"@id":"https:\/\/quaker.org\/es\/2025\/11\/10\/quien-no-este-dispuesto-a-trabajar-que-no-coma\/#primaryimage"},"thumbnailUrl":"https:\/\/quaker.org\/wp-content\/uploads\/sites\/3\/2024\/07\/QOrgLookToTheLight_1b.jpg","keywords":["Cu\u00e1queros","Donald trump","Pablo","Tesalonicenses"],"articleSection":["Sin categor\u00eda"],"inLanguage":"es-ES","potentialAction":[{"@type":"CommentAction","name":"Comment","target":["https:\/\/quaker.org\/es\/2025\/11\/10\/quien-no-este-dispuesto-a-trabajar-que-no-coma\/#respond"]}]},{"@type":"WebPage","@id":"https:\/\/quaker.org\/es\/2025\/11\/10\/quien-no-este-dispuesto-a-trabajar-que-no-coma\/","url":"https:\/\/quaker.org\/es\/2025\/11\/10\/quien-no-este-dispuesto-a-trabajar-que-no-coma\/","name":"Quien no est\u00e9 dispuesto a trabajar, que no coma. - Quaker.org","isPartOf":{"@id":"https:\/\/quaker.org\/es\/#website"},"primaryImageOfPage":{"@id":"https:\/\/quaker.org\/es\/2025\/11\/10\/quien-no-este-dispuesto-a-trabajar-que-no-coma\/#primaryimage"},"image":{"@id":"https:\/\/quaker.org\/es\/2025\/11\/10\/quien-no-este-dispuesto-a-trabajar-que-no-coma\/#primaryimage"},"thumbnailUrl":"https:\/\/quaker.org\/wp-content\/uploads\/sites\/3\/2024\/07\/QOrgLookToTheLight_1b.jpg","datePublished":"2025-11-10T05:13:30+00:00","dateModified":"2025-11-10T16:35:23+00:00","description":"\u00bfQu\u00e9 quiso decir realmente Pablo a los Tesalonicenses? Ciertamente, no habr\u00eda animado a nadie a dejar que sus vecinos pasaran hambre.","breadcrumb":{"@id":"https:\/\/quaker.org\/es\/2025\/11\/10\/quien-no-este-dispuesto-a-trabajar-que-no-coma\/#breadcrumb"},"inLanguage":"es-ES","potentialAction":[{"@type":"ReadAction","target":["https:\/\/quaker.org\/es\/2025\/11\/10\/quien-no-este-dispuesto-a-trabajar-que-no-coma\/"]}]},{"@type":"ImageObject","inLanguage":"es-ES","@id":"https:\/\/quaker.org\/es\/2025\/11\/10\/quien-no-este-dispuesto-a-trabajar-que-no-coma\/#primaryimage","url":"https:\/\/quaker.org\/wp-content\/uploads\/sites\/3\/2024\/07\/QOrgLookToTheLight_1b.jpg","contentUrl":"https:\/\/quaker.org\/wp-content\/uploads\/sites\/3\/2024\/07\/QOrgLookToTheLight_1b.jpg","width":1400,"height":271,"caption":"Look to the Light: Una columna de Quaker.org"},{"@type":"BreadcrumbList","@id":"https:\/\/quaker.org\/es\/2025\/11\/10\/quien-no-este-dispuesto-a-trabajar-que-no-coma\/#breadcrumb","itemListElement":[{"@type":"ListItem","position":1,"name":"Home","item":"https:\/\/quaker.org\/es\/bienvenido-a-a-quaker-org\/"},{"@type":"ListItem","position":2,"name":"Quien no est\u00e9 dispuesto a trabajar, que no coma."}]},{"@type":"WebSite","@id":"https:\/\/quaker.org\/es\/#website","url":"https:\/\/quaker.org\/es\/","name":"Quaker.org","description":"Learn about Friends","publisher":{"@id":"https:\/\/quaker.org\/es\/#organization"},"potentialAction":[{"@type":"SearchAction","target":{"@type":"EntryPoint","urlTemplate":"https:\/\/quaker.org\/es\/?s={search_term_string}"},"query-input":{"@type":"PropertyValueSpecification","valueRequired":true,"valueName":"search_term_string"}}],"inLanguage":"es-ES"},{"@type":"Organization","@id":"https:\/\/quaker.org\/es\/#organization","name":"Quaker.org","url":"https:\/\/quaker.org\/es\/","logo":{"@type":"ImageObject","inLanguage":"es-ES","@id":"https:\/\/quaker.org\/es\/#\/schema\/logo\/image\/","url":"https:\/\/quaker.org\/wp-content\/uploads\/sites\/3\/2025\/08\/QuakerOrgLogo_BW-300x54-1.png","contentUrl":"https:\/\/quaker.org\/wp-content\/uploads\/sites\/3\/2025\/08\/QuakerOrgLogo_BW-300x54-1.png","width":300,"height":54,"caption":"Quaker.org"},"image":{"@id":"https:\/\/quaker.org\/es\/#\/schema\/logo\/image\/"}},{"@type":"Person","@id":"https:\/\/quaker.org\/es\/#\/schema\/person\/a638c7e815ce3beb827484ff7805b27c","name":"Ron Hogan","image":{"@type":"ImageObject","inLanguage":"es-ES","@id":"https:\/\/secure.gravatar.com\/avatar\/e63e797fd6e8ff525b085ec0ed75cddf18070ebf6f67839f3939d820e2bc378f?s=96&d=mm&r=g","url":"https:\/\/secure.gravatar.com\/avatar\/e63e797fd6e8ff525b085ec0ed75cddf18070ebf6f67839f3939d820e2bc378f?s=96&d=mm&r=g","contentUrl":"https:\/\/secure.gravatar.com\/avatar\/e63e797fd6e8ff525b085ec0ed75cddf18070ebf6f67839f3939d820e2bc378f?s=96&d=mm&r=g","caption":"Ron Hogan"},"url":"https:\/\/quaker.org\/es\/author\/ron-hogan\/"}]}},"distributor_meta":false,"distributor_terms":false,"distributor_media":false,"distributor_original_site_name":"Quaker.org","distributor_original_site_url":"https:\/\/quaker.org\/es\/","push-errors":false,"acf":{"fpb_author_profile_picture":null,"author_name":null,"bio":null,"issue_path":null,"page_number":null,"fpb_display_featured_image":null,"fj_schema_markup":null},"_links":{"self":[{"href":"https:\/\/quaker.org\/es\/wp-json\/wp\/v2\/posts\/3659","targetHints":{"allow":["GET"]}}],"collection":[{"href":"https:\/\/quaker.org\/es\/wp-json\/wp\/v2\/posts"}],"about":[{"href":"https:\/\/quaker.org\/es\/wp-json\/wp\/v2\/types\/post"}],"author":[{"embeddable":true,"href":"https:\/\/quaker.org\/es\/wp-json\/wp\/v2\/users\/5131"}],"replies":[{"embeddable":true,"href":"https:\/\/quaker.org\/es\/wp-json\/wp\/v2\/comments?post=3659"}],"version-history":[{"count":2,"href":"https:\/\/quaker.org\/es\/wp-json\/wp\/v2\/posts\/3659\/revisions"}],"predecessor-version":[{"id":3663,"href":"https:\/\/quaker.org\/es\/wp-json\/wp\/v2\/posts\/3659\/revisions\/3663"}],"wp:featuredmedia":[{"embeddable":true,"href":"https:\/\/quaker.org\/es\/wp-json\/wp\/v2\/media\/2373"}],"wp:attachment":[{"href":"https:\/\/quaker.org\/es\/wp-json\/wp\/v2\/media?parent=3659"}],"wp:term":[{"taxonomy":"category","embeddable":true,"href":"https:\/\/quaker.org\/es\/wp-json\/wp\/v2\/categories?post=3659"},{"taxonomy":"post_tag","embeddable":true,"href":"https:\/\/quaker.org\/es\/wp-json\/wp\/v2\/tags?post=3659"}],"curies":[{"name":"wp","href":"https:\/\/api.w.org\/{rel}","templated":true}]}}