{"id":2999,"date":"2025-02-03T08:39:00","date_gmt":"2025-02-03T08:39:00","guid":{"rendered":"https:\/\/quaker.org\/2025\/02\/03\/quien-podra-soportar-el-dia-de-su-venida\/"},"modified":"2025-09-19T15:09:03","modified_gmt":"2025-09-19T15:09:03","slug":"quien-podra-soportar-el-dia-de-su-venida","status":"publish","type":"post","link":"https:\/\/quaker.org\/es\/2025\/02\/03\/quien-podra-soportar-el-dia-de-su-venida\/","title":{"rendered":"\u00bfQui\u00e9n podr\u00e1 soportar el d\u00eda de su venida?"},"content":{"rendered":"\n<blockquote class=\"wp-block-quote is-layout-flow wp-block-quote-is-layout-flow\">\n<p><em>As\u00ed dice el Se\u00f1or: \u00abVoy a enviar a mi mensajero para que prepare el camino delante de m\u00ed. De repente vendr\u00e1 a su templo el Se\u00f1or a quien ustedes buscan; el mensajero del pacto, en quien se complacen, ya viene\u00bb, dice el Se\u00f1or de los ej\u00e9rcitos. Pero    <\/em><strong><em>\u00bfqui\u00e9n podr\u00e1 soportar el d\u00eda de su venida<\/em><\/strong><em>?, \u00bfqui\u00e9n podr\u00e1 mantenerse en pie cuando aparezca?<\/em><br\/>(Malaqu\u00edas 3:1-2, Nueva Versi\u00f3n Est\u00e1ndar Revisada, Edici\u00f3n Actualizada)<\/p>\n<\/blockquote>\n\n<p>Cuando los seguidores de Jes\u00fas comenzaron a ver en \u00e9l a un posible mes\u00edas, ten\u00edan algo muy espec\u00edfico en mente. Quer\u00edan un l\u00edder que los liberara de la opresi\u00f3n romana, restaurara a Israel a su antigua gloria y los introdujera en un mundo donde pudieran disfrutar plenamente de los frutos de su pacto con el Se\u00f1or. Con ese Esp\u00edritu (Santo), los disc\u00edpulos se acercaron a \u00e9l un d\u00eda y le preguntaron cu\u00e1ndo pod\u00edan esperar que comenzara \u201cel fin de la era\u201d. \u201cPero de aquel d\u00eda y hora nadie sabe nada\u201d, les dijo, \u201cni siquiera los \u00e1ngeles del cielo, ni el Hijo, sino solo el Padre\u201d.   <\/p>\n\n<p>\u201cPor lo tanto, mant\u00e9nganse despiertos\u201d, advirti\u00f3, \u201cporque no saben qu\u00e9 d\u00eda vendr\u00e1 su Se\u00f1or\u201d.<\/p>\n\n<h3 class=\"wp-block-heading\"><strong>Ese tono urgente los llev\u00f3 a esperar su regreso en vida.<\/strong><\/h3>\n\n<p>El sustantivo griego <em>parousia<\/em> aparece varias veces en ese pasaje de Mateo, traducido frecuentemente al ingl\u00e9s como \u201cthe coming\u201d (la venida). <em>Parousia<\/em> ten\u00eda connotaciones espec\u00edficas en el griego del siglo I, refiri\u00e9ndose a la llegada de un dignatario real, pero tambi\u00e9n, crucialmente, al hecho mismo de su presencia.<em> <\/em>Los primeros cristianos entendieron a Jes\u00fas desde esa perspectiva. La llegada del Hijo del Hombre importaba, por supuesto, pero tambi\u00e9n se preocupaban profundamente por lo que suceder\u00eda despu\u00e9s de su aparici\u00f3n. Manten\u00edan la esperanza de que Jes\u00fas solo se hubiera ido por un corto tiempo, que la \u201cFase 2\u201d de su liberaci\u00f3n pudiera comenzar en cualquier momento, y se organizaron en consecuencia.  <\/p>\n\n<p>Durante un tiempo, muchos se aferraron a la idea de Jes\u00fas como un mes\u00edas intr\u00ednsecamente jud\u00edo, pero la afluencia de m\u00e1s y m\u00e1s devotos no jud\u00edos diluy\u00f3 la fuerza de ese argumento, y se volvi\u00f3 a\u00fan menos convincente despu\u00e9s del saqueo romano de Jerusal\u00e9n y la destrucci\u00f3n del Segundo Templo. Mientras tanto, las d\u00e9cadas se convirtieron en siglos, los \u00faltimos d\u00edas se sintieron menos inmediatos y los cristianos llegaron a entender <em>parousia<\/em> no como el renacimiento de una naci\u00f3n, sino como la expansi\u00f3n de un nuevo reino por todo el mundo. <\/p>\n\n<h3 class=\"wp-block-heading\"><strong>Salt\u00e9monos un milenio m\u00e1s o menos.<\/strong><\/h3>\n\n<p>En <a href=\"https:\/\/quakerstudies.openlibhums.org\/article\/15730\/galley\/31949\/download\/\">un ensayo de 2020<\/a>, el te\u00f3logo cu\u00e1quero brit\u00e1nico Mark Russ describe c\u00f3mo George Fox y la primera generaci\u00f3n de Los Amigos concibieron la <em>parousia<\/em> como un proceso interior que, para citar el Apocalipsis, \u201csi alguno oye mi voz y abre la puerta\u201d, ya hab\u00eda comenzado:<\/p>\n\n<blockquote class=\"wp-block-quote is-layout-flow wp-block-quote-is-layout-flow\">\n<p>\u201cLa experiencia cu\u00e1quera de un apocalipsis interno revel\u00f3 el mundo tal como era. &#8216;Acab\u00f3 con el mundo&#8217; al revelar la ilegitimidad de las estructuras de poder dominantes. Al dar testimonio p\u00fablico de su experiencia tanto en palabras como en acciones, Los Amigos esperaban provocar un apocalipsis interno similar en otros\u201d.<\/p>\n<\/blockquote>\n\n<figure class=\"wp-block-image aligncenter size-large is-resized\"><img loading=\"lazy\" decoding=\"async\" width=\"1024\" height=\"684\" src=\"https:\/\/quaker.org\/wp-content\/uploads\/sites\/3\/2025\/02\/refiners-fire-unsplash-1024x684.jpg\" alt=\"Una mujer en silueta se sienta con las piernas cruzadas en el suelo, con el rostro de perfil hacia la c&#xE1;mara. Detr&#xE1;s de ella, una pantalla muestra un primer plano de llamas de color naranja brillante. \" class=\"wp-image-1975\" style=\"width:600px\" srcset=\"https:\/\/quaker.org\/wp-content\/uploads\/sites\/3\/2025\/02\/refiners-fire-unsplash-1024x684.jpg 1024w, https:\/\/quaker.org\/wp-content\/uploads\/sites\/3\/2025\/02\/refiners-fire-unsplash-300x200.jpg 300w, https:\/\/quaker.org\/wp-content\/uploads\/sites\/3\/2025\/02\/refiners-fire-unsplash-768x513.jpg 768w, https:\/\/quaker.org\/wp-content\/uploads\/sites\/3\/2025\/02\/refiners-fire-unsplash-1536x1026.jpg 1536w, https:\/\/quaker.org\/wp-content\/uploads\/sites\/3\/2025\/02\/refiners-fire-unsplash-2048x1368.jpg 2048w, https:\/\/quaker.org\/wp-content\/uploads\/sites\/3\/2025\/02\/refiners-fire-unsplash-600x401.jpg 600w\" sizes=\"auto, (max-width: 1024px) 100vw, 1024px\" \/><figcaption class=\"wp-element-caption\">Foto: Chris\/unsplash<\/figcaption><\/figure>\n\n<p>Dios no bajar\u00eda del cielo para limpiar el mundo; en cambio, uno por uno, Los Amigos comenzaron a reconocer la presencia del Esp\u00edritu (Santo) en el mundo en ese mismo momento. Esta constataci\u00f3n les convenci\u00f3 de la necesidad del arrepentimiento: fijar sus corazones para que se conformaran con la sabidur\u00eda del Maestro Interior. Fijar sus corazones inevitablemente conducir\u00eda a arreglar sus vidas; hacerlo en comunidad conducir\u00eda a la transformaci\u00f3n de la sociedad humana.  <\/p>\n\n<p>En poco tiempo, los cu\u00e1queros se enfrentaron al mismo problema que los primeros cristianos: el mundo segu\u00eda siendo en gran medida como era, generalmente incluso m\u00e1s. El ensayo de Russ ofrece algunas ideas sobre c\u00f3mo Los Amigos dejaron gradualmente de creer que viv\u00edan en el fin de los tiempos y, finalmente, reformularon su relaci\u00f3n con el Esp\u00edritu (Santo) como algo menos urgentemente apocal\u00edptico. (Conectarse con Dios todav\u00eda tiene una gran importancia, por supuesto, pero ya no marca el comienzo del fin del mundo; en cambio, ofrece apoyo mientras uno pone de su parte para ayudar a que el arco moral del universo termine su lento camino hacia la justicia).  <\/p>\n\n<h3 class=\"wp-block-heading\"><strong>Eso nos lleva a hoy.<\/strong><\/h3>\n\n<p>Seguimos muy atormentados por el espectro del fin de los tiempos, aunque muchos de nosotros tememos que la humanidad provoque su propia destrucci\u00f3n sin la ayuda de Dios. Algunos, sin embargo, siguen creyendo que Dios dirigir\u00e1 los \u00faltimos d\u00edas con mano firme, una perspectiva que emociona a algunos y aterroriza a otros.  <\/p>\n\n<p>El profeta Malaqu\u00edas comprendi\u00f3 el terror impl\u00edcito en la venida del Se\u00f1or. Si esperamos que el para\u00edso se parezca al mundo secular contempor\u00e1neo, pero con a\u00fan <em>m\u00e1s<\/em> riqueza y lujo, nos sentiremos profundamente decepcionados. Dios no vendr\u00e1 a decirnos qu\u00e9 gran trabajo hemos hecho. No, Dios se acerca a nosotros para juzgarnos y, como Los Amigos han relatado a trav\u00e9s de los siglos, el juicio se siente como ser arrojado a <a href=\"https:\/\/awholeheart.com\/2013\/02\/21\/the-refiners-fire\/\">un fuego de refinador<\/a>, quemando todas nuestras impurezas, o como ser frotado con el jab\u00f3n m\u00e1s c\u00e1ustico imaginable, despojando esas impurezas como si fueran carne muerta. Toda nuestra comodidad, toda nuestra complacencia, completamente aniquiladas.    <\/p>\n\n<p>\u00bfQui\u00e9n, pregunt\u00f3 Malaqu\u00edas, especialmente entre los ricos y poderosos, entre aquellos que se apartaron de las instrucciones de Dios para alcanzar posiciones de privilegio, podr\u00eda soportar vivir a trav\u00e9s de eso? <\/p>\n\n<div class=\"wp-block-buttons is-content-justification-center is-layout-flex wp-container-core-buttons-is-layout-16018d1d wp-block-buttons-is-layout-flex\">\n<div class=\"wp-block-button\"><a class=\"wp-block-button__link has-friends-dark-blue-color has-text-color has-background has-link-color wp-element-button\" href=\"https:\/\/quaker.org\/look-to-the-light\/\" style=\"background:linear-gradient(59deg,rgb(255,245,156) 0%,rgb(255,245,156) 100%)\"><strong>IR A LA P\u00c1GINA DE INICIO DE LOOK TO THE LIGHT<\/strong><\/a><\/div>\n<\/div>\n\n<p><\/p>\n","protected":false},"excerpt":{"rendered":"<p>El profeta Malaqu\u00edas comprendi\u00f3 el terror impl\u00edcito en la venida del Se\u00f1or.<\/p>\n","protected":false},"author":5131,"featured_media":2373,"comment_status":"open","ping_status":"open","sticky":false,"template":"","format":"standard","meta":{"_acf_changed":false,"footnotes":""},"categories":[170],"tags":[251,182,236,250],"class_list":["post-2999","post","type-post","status-publish","format-standard","has-post-thumbnail","hentry","category-sin-categoria","tag-apocalipsis","tag-cuaqueros","tag-profetas","tag-segunda-venida"],"yoast_head":"<!-- This site is optimized with the Yoast SEO plugin v27.4 - https:\/\/yoast.com\/product\/yoast-seo-wordpress\/ -->\n<title>\u00bfQui\u00e9n podr\u00e1 soportar el d\u00eda de su venida? - Quaker.org<\/title>\n<meta name=\"description\" content=\"La experiencia cu\u00e1quera de un apocalipsis interno revel\u00f3 el mundo tal como era.\" \/>\n<meta name=\"robots\" content=\"index, follow, max-snippet:-1, max-image-preview:large, max-video-preview:-1\" \/>\n<link rel=\"canonical\" href=\"https:\/\/quaker.org\/es\/2025\/02\/03\/quien-podra-soportar-el-dia-de-su-venida\/\" \/>\n<meta property=\"og:locale\" content=\"es_ES\" \/>\n<meta property=\"og:type\" content=\"article\" \/>\n<meta property=\"og:title\" content=\"\u00bfQui\u00e9n podr\u00e1 soportar el d\u00eda de su venida? - Quaker.org\" \/>\n<meta property=\"og:description\" content=\"La experiencia cu\u00e1quera de un apocalipsis interno revel\u00f3 el mundo tal como era.\" \/>\n<meta property=\"og:url\" content=\"https:\/\/quaker.org\/es\/2025\/02\/03\/quien-podra-soportar-el-dia-de-su-venida\/\" \/>\n<meta property=\"og:site_name\" content=\"Quaker.org\" \/>\n<meta property=\"article:published_time\" content=\"2025-02-03T08:39:00+00:00\" \/>\n<meta property=\"article:modified_time\" content=\"2025-09-19T15:09:03+00:00\" \/>\n<meta property=\"og:image\" content=\"https:\/\/quaker.org\/wp-content\/uploads\/sites\/3\/2024\/07\/QOrgLookToTheLight_1b.jpg\" \/>\n\t<meta property=\"og:image:width\" content=\"1400\" \/>\n\t<meta property=\"og:image:height\" content=\"271\" \/>\n\t<meta property=\"og:image:type\" content=\"image\/jpeg\" \/>\n<meta name=\"author\" content=\"Ron Hogan\" \/>\n<meta name=\"twitter:card\" content=\"summary_large_image\" \/>\n<meta name=\"twitter:label1\" content=\"Written by\" \/>\n\t<meta name=\"twitter:data1\" content=\"Ron Hogan\" \/>\n\t<meta name=\"twitter:label2\" content=\"Est. reading time\" \/>\n\t<meta name=\"twitter:data2\" content=\"5 minutes\" \/>\n<script type=\"application\/ld+json\" class=\"yoast-schema-graph\">{\"@context\":\"https:\\\/\\\/schema.org\",\"@graph\":[{\"@type\":\"Article\",\"@id\":\"https:\\\/\\\/quaker.org\\\/es\\\/2025\\\/02\\\/03\\\/quien-podra-soportar-el-dia-de-su-venida\\\/#article\",\"isPartOf\":{\"@id\":\"https:\\\/\\\/quaker.org\\\/es\\\/2025\\\/02\\\/03\\\/quien-podra-soportar-el-dia-de-su-venida\\\/\"},\"author\":{\"name\":\"Ron Hogan\",\"@id\":\"https:\\\/\\\/quaker.org\\\/es\\\/#\\\/schema\\\/person\\\/a638c7e815ce3beb827484ff7805b27c\"},\"headline\":\"\u00bfQui\u00e9n podr\u00e1 soportar el d\u00eda de su venida?\",\"datePublished\":\"2025-02-03T08:39:00+00:00\",\"dateModified\":\"2025-09-19T15:09:03+00:00\",\"mainEntityOfPage\":{\"@id\":\"https:\\\/\\\/quaker.org\\\/es\\\/2025\\\/02\\\/03\\\/quien-podra-soportar-el-dia-de-su-venida\\\/\"},\"wordCount\":1000,\"commentCount\":0,\"publisher\":{\"@id\":\"https:\\\/\\\/quaker.org\\\/es\\\/#organization\"},\"image\":{\"@id\":\"https:\\\/\\\/quaker.org\\\/es\\\/2025\\\/02\\\/03\\\/quien-podra-soportar-el-dia-de-su-venida\\\/#primaryimage\"},\"thumbnailUrl\":\"https:\\\/\\\/quaker.org\\\/wp-content\\\/uploads\\\/sites\\\/3\\\/2024\\\/07\\\/QOrgLookToTheLight_1b.jpg\",\"keywords\":[\"Apocalipsis\",\"Cu\u00e1queros\",\"profetas\",\"Segunda venida\"],\"articleSection\":[\"Sin categor\u00eda\"],\"inLanguage\":\"es-ES\",\"potentialAction\":[{\"@type\":\"CommentAction\",\"name\":\"Comment\",\"target\":[\"https:\\\/\\\/quaker.org\\\/es\\\/2025\\\/02\\\/03\\\/quien-podra-soportar-el-dia-de-su-venida\\\/#respond\"]}]},{\"@type\":\"WebPage\",\"@id\":\"https:\\\/\\\/quaker.org\\\/es\\\/2025\\\/02\\\/03\\\/quien-podra-soportar-el-dia-de-su-venida\\\/\",\"url\":\"https:\\\/\\\/quaker.org\\\/es\\\/2025\\\/02\\\/03\\\/quien-podra-soportar-el-dia-de-su-venida\\\/\",\"name\":\"\u00bfQui\u00e9n podr\u00e1 soportar el d\u00eda de su venida? - Quaker.org\",\"isPartOf\":{\"@id\":\"https:\\\/\\\/quaker.org\\\/es\\\/#website\"},\"primaryImageOfPage\":{\"@id\":\"https:\\\/\\\/quaker.org\\\/es\\\/2025\\\/02\\\/03\\\/quien-podra-soportar-el-dia-de-su-venida\\\/#primaryimage\"},\"image\":{\"@id\":\"https:\\\/\\\/quaker.org\\\/es\\\/2025\\\/02\\\/03\\\/quien-podra-soportar-el-dia-de-su-venida\\\/#primaryimage\"},\"thumbnailUrl\":\"https:\\\/\\\/quaker.org\\\/wp-content\\\/uploads\\\/sites\\\/3\\\/2024\\\/07\\\/QOrgLookToTheLight_1b.jpg\",\"datePublished\":\"2025-02-03T08:39:00+00:00\",\"dateModified\":\"2025-09-19T15:09:03+00:00\",\"description\":\"La experiencia cu\u00e1quera de un apocalipsis interno revel\u00f3 el mundo tal como era.\",\"breadcrumb\":{\"@id\":\"https:\\\/\\\/quaker.org\\\/es\\\/2025\\\/02\\\/03\\\/quien-podra-soportar-el-dia-de-su-venida\\\/#breadcrumb\"},\"inLanguage\":\"es-ES\",\"potentialAction\":[{\"@type\":\"ReadAction\",\"target\":[\"https:\\\/\\\/quaker.org\\\/es\\\/2025\\\/02\\\/03\\\/quien-podra-soportar-el-dia-de-su-venida\\\/\"]}]},{\"@type\":\"ImageObject\",\"inLanguage\":\"es-ES\",\"@id\":\"https:\\\/\\\/quaker.org\\\/es\\\/2025\\\/02\\\/03\\\/quien-podra-soportar-el-dia-de-su-venida\\\/#primaryimage\",\"url\":\"https:\\\/\\\/quaker.org\\\/wp-content\\\/uploads\\\/sites\\\/3\\\/2024\\\/07\\\/QOrgLookToTheLight_1b.jpg\",\"contentUrl\":\"https:\\\/\\\/quaker.org\\\/wp-content\\\/uploads\\\/sites\\\/3\\\/2024\\\/07\\\/QOrgLookToTheLight_1b.jpg\",\"width\":1400,\"height\":271,\"caption\":\"Look to the Light: Una columna de Quaker.org\"},{\"@type\":\"BreadcrumbList\",\"@id\":\"https:\\\/\\\/quaker.org\\\/es\\\/2025\\\/02\\\/03\\\/quien-podra-soportar-el-dia-de-su-venida\\\/#breadcrumb\",\"itemListElement\":[{\"@type\":\"ListItem\",\"position\":1,\"name\":\"Home\",\"item\":\"https:\\\/\\\/quaker.org\\\/es\\\/bienvenido-a-a-quaker-org\\\/\"},{\"@type\":\"ListItem\",\"position\":2,\"name\":\"\u00bfQui\u00e9n podr\u00e1 soportar el d\u00eda de su venida?\"}]},{\"@type\":\"WebSite\",\"@id\":\"https:\\\/\\\/quaker.org\\\/es\\\/#website\",\"url\":\"https:\\\/\\\/quaker.org\\\/es\\\/\",\"name\":\"Quaker.org\",\"description\":\"Learn about Friends\",\"publisher\":{\"@id\":\"https:\\\/\\\/quaker.org\\\/es\\\/#organization\"},\"potentialAction\":[{\"@type\":\"SearchAction\",\"target\":{\"@type\":\"EntryPoint\",\"urlTemplate\":\"https:\\\/\\\/quaker.org\\\/es\\\/?s={search_term_string}\"},\"query-input\":{\"@type\":\"PropertyValueSpecification\",\"valueRequired\":true,\"valueName\":\"search_term_string\"}}],\"inLanguage\":\"es-ES\"},{\"@type\":\"Organization\",\"@id\":\"https:\\\/\\\/quaker.org\\\/es\\\/#organization\",\"name\":\"Quaker.org\",\"url\":\"https:\\\/\\\/quaker.org\\\/es\\\/\",\"logo\":{\"@type\":\"ImageObject\",\"inLanguage\":\"es-ES\",\"@id\":\"https:\\\/\\\/quaker.org\\\/es\\\/#\\\/schema\\\/logo\\\/image\\\/\",\"url\":\"https:\\\/\\\/quaker.org\\\/wp-content\\\/uploads\\\/sites\\\/3\\\/2025\\\/08\\\/QuakerOrgLogo_BW-300x54-1.png\",\"contentUrl\":\"https:\\\/\\\/quaker.org\\\/wp-content\\\/uploads\\\/sites\\\/3\\\/2025\\\/08\\\/QuakerOrgLogo_BW-300x54-1.png\",\"width\":300,\"height\":54,\"caption\":\"Quaker.org\"},\"image\":{\"@id\":\"https:\\\/\\\/quaker.org\\\/es\\\/#\\\/schema\\\/logo\\\/image\\\/\"}},{\"@type\":\"Person\",\"@id\":\"https:\\\/\\\/quaker.org\\\/es\\\/#\\\/schema\\\/person\\\/a638c7e815ce3beb827484ff7805b27c\",\"name\":\"Ron Hogan\",\"image\":{\"@type\":\"ImageObject\",\"inLanguage\":\"es-ES\",\"@id\":\"https:\\\/\\\/secure.gravatar.com\\\/avatar\\\/e63e797fd6e8ff525b085ec0ed75cddf18070ebf6f67839f3939d820e2bc378f?s=96&d=mm&r=g\",\"url\":\"https:\\\/\\\/secure.gravatar.com\\\/avatar\\\/e63e797fd6e8ff525b085ec0ed75cddf18070ebf6f67839f3939d820e2bc378f?s=96&d=mm&r=g\",\"contentUrl\":\"https:\\\/\\\/secure.gravatar.com\\\/avatar\\\/e63e797fd6e8ff525b085ec0ed75cddf18070ebf6f67839f3939d820e2bc378f?s=96&d=mm&r=g\",\"caption\":\"Ron Hogan\"},\"url\":\"https:\\\/\\\/quaker.org\\\/es\\\/author\\\/ron-hogan\\\/\"}]}<\/script>\n<!-- \/ Yoast SEO plugin. -->","yoast_head_json":{"title":"\u00bfQui\u00e9n podr\u00e1 soportar el d\u00eda de su venida? - Quaker.org","description":"La experiencia cu\u00e1quera de un apocalipsis interno revel\u00f3 el mundo tal como era.","robots":{"index":"index","follow":"follow","max-snippet":"max-snippet:-1","max-image-preview":"max-image-preview:large","max-video-preview":"max-video-preview:-1"},"canonical":"https:\/\/quaker.org\/es\/2025\/02\/03\/quien-podra-soportar-el-dia-de-su-venida\/","og_locale":"es_ES","og_type":"article","og_title":"\u00bfQui\u00e9n podr\u00e1 soportar el d\u00eda de su venida? - Quaker.org","og_description":"La experiencia cu\u00e1quera de un apocalipsis interno revel\u00f3 el mundo tal como era.","og_url":"https:\/\/quaker.org\/es\/2025\/02\/03\/quien-podra-soportar-el-dia-de-su-venida\/","og_site_name":"Quaker.org","article_published_time":"2025-02-03T08:39:00+00:00","article_modified_time":"2025-09-19T15:09:03+00:00","og_image":[{"width":1400,"height":271,"url":"https:\/\/quaker.org\/wp-content\/uploads\/sites\/3\/2024\/07\/QOrgLookToTheLight_1b.jpg","type":"image\/jpeg"}],"author":"Ron Hogan","twitter_card":"summary_large_image","twitter_misc":{"Written by":"Ron Hogan","Est. reading time":"5 minutes"},"schema":{"@context":"https:\/\/schema.org","@graph":[{"@type":"Article","@id":"https:\/\/quaker.org\/es\/2025\/02\/03\/quien-podra-soportar-el-dia-de-su-venida\/#article","isPartOf":{"@id":"https:\/\/quaker.org\/es\/2025\/02\/03\/quien-podra-soportar-el-dia-de-su-venida\/"},"author":{"name":"Ron Hogan","@id":"https:\/\/quaker.org\/es\/#\/schema\/person\/a638c7e815ce3beb827484ff7805b27c"},"headline":"\u00bfQui\u00e9n podr\u00e1 soportar el d\u00eda de su venida?","datePublished":"2025-02-03T08:39:00+00:00","dateModified":"2025-09-19T15:09:03+00:00","mainEntityOfPage":{"@id":"https:\/\/quaker.org\/es\/2025\/02\/03\/quien-podra-soportar-el-dia-de-su-venida\/"},"wordCount":1000,"commentCount":0,"publisher":{"@id":"https:\/\/quaker.org\/es\/#organization"},"image":{"@id":"https:\/\/quaker.org\/es\/2025\/02\/03\/quien-podra-soportar-el-dia-de-su-venida\/#primaryimage"},"thumbnailUrl":"https:\/\/quaker.org\/wp-content\/uploads\/sites\/3\/2024\/07\/QOrgLookToTheLight_1b.jpg","keywords":["Apocalipsis","Cu\u00e1queros","profetas","Segunda venida"],"articleSection":["Sin categor\u00eda"],"inLanguage":"es-ES","potentialAction":[{"@type":"CommentAction","name":"Comment","target":["https:\/\/quaker.org\/es\/2025\/02\/03\/quien-podra-soportar-el-dia-de-su-venida\/#respond"]}]},{"@type":"WebPage","@id":"https:\/\/quaker.org\/es\/2025\/02\/03\/quien-podra-soportar-el-dia-de-su-venida\/","url":"https:\/\/quaker.org\/es\/2025\/02\/03\/quien-podra-soportar-el-dia-de-su-venida\/","name":"\u00bfQui\u00e9n podr\u00e1 soportar el d\u00eda de su venida? - Quaker.org","isPartOf":{"@id":"https:\/\/quaker.org\/es\/#website"},"primaryImageOfPage":{"@id":"https:\/\/quaker.org\/es\/2025\/02\/03\/quien-podra-soportar-el-dia-de-su-venida\/#primaryimage"},"image":{"@id":"https:\/\/quaker.org\/es\/2025\/02\/03\/quien-podra-soportar-el-dia-de-su-venida\/#primaryimage"},"thumbnailUrl":"https:\/\/quaker.org\/wp-content\/uploads\/sites\/3\/2024\/07\/QOrgLookToTheLight_1b.jpg","datePublished":"2025-02-03T08:39:00+00:00","dateModified":"2025-09-19T15:09:03+00:00","description":"La experiencia cu\u00e1quera de un apocalipsis interno revel\u00f3 el mundo tal como era.","breadcrumb":{"@id":"https:\/\/quaker.org\/es\/2025\/02\/03\/quien-podra-soportar-el-dia-de-su-venida\/#breadcrumb"},"inLanguage":"es-ES","potentialAction":[{"@type":"ReadAction","target":["https:\/\/quaker.org\/es\/2025\/02\/03\/quien-podra-soportar-el-dia-de-su-venida\/"]}]},{"@type":"ImageObject","inLanguage":"es-ES","@id":"https:\/\/quaker.org\/es\/2025\/02\/03\/quien-podra-soportar-el-dia-de-su-venida\/#primaryimage","url":"https:\/\/quaker.org\/wp-content\/uploads\/sites\/3\/2024\/07\/QOrgLookToTheLight_1b.jpg","contentUrl":"https:\/\/quaker.org\/wp-content\/uploads\/sites\/3\/2024\/07\/QOrgLookToTheLight_1b.jpg","width":1400,"height":271,"caption":"Look to the Light: Una columna de Quaker.org"},{"@type":"BreadcrumbList","@id":"https:\/\/quaker.org\/es\/2025\/02\/03\/quien-podra-soportar-el-dia-de-su-venida\/#breadcrumb","itemListElement":[{"@type":"ListItem","position":1,"name":"Home","item":"https:\/\/quaker.org\/es\/bienvenido-a-a-quaker-org\/"},{"@type":"ListItem","position":2,"name":"\u00bfQui\u00e9n podr\u00e1 soportar el d\u00eda de su venida?"}]},{"@type":"WebSite","@id":"https:\/\/quaker.org\/es\/#website","url":"https:\/\/quaker.org\/es\/","name":"Quaker.org","description":"Learn about Friends","publisher":{"@id":"https:\/\/quaker.org\/es\/#organization"},"potentialAction":[{"@type":"SearchAction","target":{"@type":"EntryPoint","urlTemplate":"https:\/\/quaker.org\/es\/?s={search_term_string}"},"query-input":{"@type":"PropertyValueSpecification","valueRequired":true,"valueName":"search_term_string"}}],"inLanguage":"es-ES"},{"@type":"Organization","@id":"https:\/\/quaker.org\/es\/#organization","name":"Quaker.org","url":"https:\/\/quaker.org\/es\/","logo":{"@type":"ImageObject","inLanguage":"es-ES","@id":"https:\/\/quaker.org\/es\/#\/schema\/logo\/image\/","url":"https:\/\/quaker.org\/wp-content\/uploads\/sites\/3\/2025\/08\/QuakerOrgLogo_BW-300x54-1.png","contentUrl":"https:\/\/quaker.org\/wp-content\/uploads\/sites\/3\/2025\/08\/QuakerOrgLogo_BW-300x54-1.png","width":300,"height":54,"caption":"Quaker.org"},"image":{"@id":"https:\/\/quaker.org\/es\/#\/schema\/logo\/image\/"}},{"@type":"Person","@id":"https:\/\/quaker.org\/es\/#\/schema\/person\/a638c7e815ce3beb827484ff7805b27c","name":"Ron Hogan","image":{"@type":"ImageObject","inLanguage":"es-ES","@id":"https:\/\/secure.gravatar.com\/avatar\/e63e797fd6e8ff525b085ec0ed75cddf18070ebf6f67839f3939d820e2bc378f?s=96&d=mm&r=g","url":"https:\/\/secure.gravatar.com\/avatar\/e63e797fd6e8ff525b085ec0ed75cddf18070ebf6f67839f3939d820e2bc378f?s=96&d=mm&r=g","contentUrl":"https:\/\/secure.gravatar.com\/avatar\/e63e797fd6e8ff525b085ec0ed75cddf18070ebf6f67839f3939d820e2bc378f?s=96&d=mm&r=g","caption":"Ron Hogan"},"url":"https:\/\/quaker.org\/es\/author\/ron-hogan\/"}]}},"distributor_meta":false,"distributor_terms":false,"distributor_media":false,"distributor_original_site_name":"Quaker.org","distributor_original_site_url":"https:\/\/quaker.org\/es\/","push-errors":false,"acf":{"fpb_author_profile_picture":null,"author_name":null,"bio":null,"issue_path":null,"page_number":null,"fpb_display_featured_image":null,"fj_schema_markup":null},"_links":{"self":[{"href":"https:\/\/quaker.org\/es\/wp-json\/wp\/v2\/posts\/2999","targetHints":{"allow":["GET"]}}],"collection":[{"href":"https:\/\/quaker.org\/es\/wp-json\/wp\/v2\/posts"}],"about":[{"href":"https:\/\/quaker.org\/es\/wp-json\/wp\/v2\/types\/post"}],"author":[{"embeddable":true,"href":"https:\/\/quaker.org\/es\/wp-json\/wp\/v2\/users\/5131"}],"replies":[{"embeddable":true,"href":"https:\/\/quaker.org\/es\/wp-json\/wp\/v2\/comments?post=2999"}],"version-history":[{"count":1,"href":"https:\/\/quaker.org\/es\/wp-json\/wp\/v2\/posts\/2999\/revisions"}],"predecessor-version":[{"id":3000,"href":"https:\/\/quaker.org\/es\/wp-json\/wp\/v2\/posts\/2999\/revisions\/3000"}],"wp:featuredmedia":[{"embeddable":true,"href":"https:\/\/quaker.org\/es\/wp-json\/wp\/v2\/media\/2373"}],"wp:attachment":[{"href":"https:\/\/quaker.org\/es\/wp-json\/wp\/v2\/media?parent=2999"}],"wp:term":[{"taxonomy":"category","embeddable":true,"href":"https:\/\/quaker.org\/es\/wp-json\/wp\/v2\/categories?post=2999"},{"taxonomy":"post_tag","embeddable":true,"href":"https:\/\/quaker.org\/es\/wp-json\/wp\/v2\/tags?post=2999"}],"curies":[{"name":"wp","href":"https:\/\/api.w.org\/{rel}","templated":true}]}}